[{"@context":"https:\/\/schema.org\/","@type":"Article","@id":"https:\/\/www.nejedeto.cz\/bublinkovou-folii-si-sbalte-na-cesty\/#Article","mainEntityOfPage":"https:\/\/www.nejedeto.cz\/bublinkovou-folii-si-sbalte-na-cesty\/","headline":"Bublinkovou f\u00f3lii si sbalte na cesty","name":"Bublinkovou f\u00f3lii si sbalte na cesty","description":"Dok\u00e1\u017eete si p\u0159edstavit dovolenou s bublinkovou f\u00f3li\u00ed? My ano a porad\u00edme v\u00e1m, kde ji vyu\u017e\u00edt, aby v\u00e1m byla ku prosp\u011bchu. Nap\u0159\u00edklad v n\u00e1sleduj\u00edc\u00edch t\u0159ech p\u0159\u00edpadech: P\u0159i kempov\u00e1n\u00ed s karavanem \u2013 j\u00edzda s obytn\u00fdm p\u0159\u00edv\u011bsem na dovolenou vy\u017eaduje m\u00edt sbalen\u00e9 osobn\u00ed v\u011bci a mimo jin\u00e9 i potravinov\u00e9 z\u00e1soby na del\u0161\u00ed dobu. Mezi nimi mohou b\u00fdt i [&hellip;]","datePublished":"2022-07-08","dateModified":"2023-05-02","author":{"@type":"Person","@id":"https:\/\/www.nejedeto.cz\/author\/#Person","name":"","url":"https:\/\/www.nejedeto.cz\/author\/","identifier":1,"image":{"@type":"ImageObject","@id":"https:\/\/secure.gravatar.com\/avatar\/9bbe1b3bd68cf5b616cc697a459b86e3be4df6c120806baf939f8aad94b0a3d6?s=96&d=mm&r=g","url":"https:\/\/secure.gravatar.com\/avatar\/9bbe1b3bd68cf5b616cc697a459b86e3be4df6c120806baf939f8aad94b0a3d6?s=96&d=mm&r=g","height":96,"width":96}},"publisher":{"@type":"Organization","name":"nejedeto.cz","logo":{"@type":"ImageObject","@id":"\/logo.png","url":"\/logo.png","width":600,"height":60}},"image":{"@type":"ImageObject","@id":"https:\/\/www.nejedeto.cz\/wp-content\/uploads\/bubble-wrap-g6e32597eb_640.jpg","url":"https:\/\/www.nejedeto.cz\/wp-content\/uploads\/bubble-wrap-g6e32597eb_640.jpg","height":0,"width":0},"url":"https:\/\/www.nejedeto.cz\/bublinkovou-folii-si-sbalte-na-cesty\/","about":["V\u00fdrobky"],"wordCount":427,"articleBody":"      Dok\u00e1\u017eete si p\u0159edstavit dovolenou s bublinkovou f\u00f3li\u00ed? My ano a porad\u00edme v\u00e1m, kde ji vyu\u017e\u00edt, aby v\u00e1m byla ku prosp\u011bchu. Nap\u0159\u00edklad v n\u00e1sleduj\u00edc\u00edch t\u0159ech p\u0159\u00edpadech:P\u0159i kempov\u00e1n\u00ed s karavanem \u2013 j\u00edzda s obytn\u00fdm p\u0159\u00edv\u011bsem na dovolenou vy\u017eaduje m\u00edt sbalen\u00e9 osobn\u00ed v\u011bci a mimo jin\u00e9 i potravinov\u00e9 z\u00e1soby na del\u0161\u00ed dobu. Mezi nimi mohou b\u00fdt i sklen\u011bn\u00e9 \u010di plastov\u00e9 n\u00e1doby s vodou, d\u017eusem, marmel\u00e1dami, \u010dalam\u00e1dou atp. Balte tyto p\u0159edm\u011bty do bublinkov\u00e9 f\u00f3lie, ta v\u00e1m zaru\u010d\u00ed, \u017ee se nic p\u0159i transportu nerozbije. V kempu se pak f\u00f3lie d\u00e1 vyu\u017e\u00edt pro zm\u011bk\u010den\u00ed posezen\u00ed p\u0159ed stanem \u010di p\u0159ed p\u0159\u00edv\u011bsem a m\u016f\u017eete j\u00ed pak podkl\u00e1dat pod karimatku, pokud p\u0159\u00edmo nesp\u00edte na matrac\u00edch uvnit\u0159 karavanu a d\u00e1v\u00e1te p\u0159ednost noclehu pod \u0161ir\u00fdm nebem.Pro vod\u00e1ky \u2013 vod\u00e1ci pom\u011brn\u011b \u010dasto rozd\u011bl\u00e1vaj\u00ed v kempech ohe\u0148. Posezen\u00ed u t\u00e1bor\u00e1ku m\u00e1 sv\u00e9 kouzlo a bublinkov\u00e1 f\u00f3lie jej dok\u00e1\u017ee je\u0161t\u011b vylep\u0161it. Poslou\u017e\u00ed jako sed\u00e1k, m\u016f\u017eete si na ni lehnout bez obav, \u017ee se u ohn\u011b po\u0161kod\u00ed, proto\u017ee je levn\u00e1, a jej\u00ed prop\u00e1len\u00ed v\u00e1m m\u016f\u017ee b\u00fdt doslova ukraden\u00e9. F\u00f3lie je skv\u011bl\u00fd pomocn\u00edk p\u0159i stanov\u00e1n\u00ed na hrbolat\u00e9m a drsn\u00e9m povrchu, kdy\u017e j\u00ed nat\u00e1hnete pod stanovou podl\u00e1\u017ekou ve dvou nebo ve t\u0159ech vrstv\u00e1ch, ochr\u00e1n\u00ed podl\u00e1\u017eku p\u0159ed po\u0161kozen\u00edm a zm\u011bk\u010d\u00ed povrch uvnit\u0159 stanu, \u017ee na n\u011bm m\u016f\u017eete pohodln\u011b na\u0161lapovat naboso.Pro cyklisty \u2013 cykloturistika je na tom obdobn\u011b, s bublinkovou f\u00f3lii v cyklobra\u0161n\u011b z\u00edsk\u00e1te pomocn\u00edka p\u0159i posezen\u00ed v ter\u00e9nu, zejm\u00e9na pokud se chcete n\u011bkde nasva\u010dit a nen\u00ed zrovna slune\u010dno a teplo a zem pod v\u00e1mi je mokr\u00e1 a \u0161pinav\u00e1. Jednodu\u0161e se posad\u00edte na f\u00f3lii t\u0159eba v sousedstv\u00ed vzrostl\u00e9ho mod\u0159\u00ednu a m\u016f\u017eete stolovat. P\u0159ed odjezdem pak f\u00f3lii lehce vyt\u0159ep\u00e1te, sbal\u00edte a m\u016f\u017eete si sva\u010dinu v p\u0159\u00edrod\u011b zopakovat t\u0159eba na n\u011bjak\u00e9m odpo\u010d\u00edvadle, kter\u00e9 je mokr\u00e9 od de\u0161t\u011b. Bublinky napln\u011bn\u00e9 vzduchem nav\u00edc h\u0159ej\u00ed, resp. izoluj\u00ed t\u011blesn\u00e9 teplo, tak\u017ee bude posezen\u00ed nejen m\u011bkk\u00e9 a such\u00e9, ale i vyh\u0159\u00e1t\u00e9.                                                                                                                                                                                                                                                                                                                                                                                          4.5\/5 - (4 votes)        "},{"@context":"https:\/\/schema.org\/","@type":"BreadcrumbList","itemListElement":[{"@type":"ListItem","position":1,"name":"Bublinkovou f\u00f3lii si sbalte na cesty","item":"https:\/\/www.nejedeto.cz\/bublinkovou-folii-si-sbalte-na-cesty\/#breadcrumbitem"}]}]