{"@context":"https:\/\/schema.org\/","@type":"CollectionPage","@id":"https:\/\/www.nejedeto.cz\/cestovani\/#CollectionPage","headline":"Cestov\u00e1n\u00ed Category","description":"","url":"https:\/\/www.nejedeto.cz\/cestovani\/","hasPart":[{"@type":"Article","@id":"https:\/\/www.nejedeto.cz\/jak-na-nejlevnejsi-dovolene\/","headline":"Jak na nejlevn\u011bj\u0161\u00ed dovolen\u00e9","url":"https:\/\/www.nejedeto.cz\/jak-na-nejlevnejsi-dovolene\/","datePublished":"2022-03-28","dateModified":"2023-05-02","mainEntityOfPage":"https:\/\/www.nejedeto.cz\/jak-na-nejlevnejsi-dovolene\/","author":{"@type":"Person","@id":"https:\/\/www.nejedeto.cz\/author\/#Person","name":"","url":"https:\/\/www.nejedeto.cz\/author\/","identifier":1,"image":{"@type":"ImageObject","@id":"https:\/\/secure.gravatar.com\/avatar\/9bbe1b3bd68cf5b616cc697a459b86e3be4df6c120806baf939f8aad94b0a3d6?s=96&d=mm&r=g","url":"https:\/\/secure.gravatar.com\/avatar\/9bbe1b3bd68cf5b616cc697a459b86e3be4df6c120806baf939f8aad94b0a3d6?s=96&d=mm&r=g","height":96,"width":96}},"publisher":{"@type":"Organization","name":"nejedeto.cz","logo":{"@type":"ImageObject","@id":"\/logo.png","url":"\/logo.png","width":600,"height":60}},"image":{"@type":"ImageObject","@id":"https:\/\/www.nejedeto.cz\/wp-content\/uploads\/summer-2880261__340%20(1).jpg","url":"https:\/\/www.nejedeto.cz\/wp-content\/uploads\/summer-2880261__340%20(1).jpg","height":0,"width":0},"keywords":null},{"@type":"Article","@id":"https:\/\/www.nejedeto.cz\/cestujeme-radi\/","headline":"Cestujeme r\u00e1di","url":"https:\/\/www.nejedeto.cz\/cestujeme-radi\/","datePublished":"2021-11-08","dateModified":"2023-05-02","mainEntityOfPage":"https:\/\/www.nejedeto.cz\/cestujeme-radi\/","author":{"@type":"Person","@id":"https:\/\/www.nejedeto.cz\/author\/#Person","name":"","url":"https:\/\/www.nejedeto.cz\/author\/","identifier":1,"image":{"@type":"ImageObject","@id":"https:\/\/secure.gravatar.com\/avatar\/9bbe1b3bd68cf5b616cc697a459b86e3be4df6c120806baf939f8aad94b0a3d6?s=96&d=mm&r=g","url":"https:\/\/secure.gravatar.com\/avatar\/9bbe1b3bd68cf5b616cc697a459b86e3be4df6c120806baf939f8aad94b0a3d6?s=96&d=mm&r=g","height":96,"width":96}},"publisher":{"@type":"Organization","name":"nejedeto.cz","logo":{"@type":"ImageObject","@id":"\/logo.png","url":"\/logo.png","width":600,"height":60}},"image":{"@type":"ImageObject","@id":"https:\/\/www.nejedeto.cz\/wp-content\/uploads\/v%C3%BDletn%C3%AD%20lo%C4%8F.jpg","url":"https:\/\/www.nejedeto.cz\/wp-content\/uploads\/v%C3%BDletn%C3%AD%20lo%C4%8F.jpg","height":0,"width":0},"keywords":null},{"@type":"Article","@id":"https:\/\/www.nejedeto.cz\/vino-dobre-jidlo-a-mnohem-vice-zazijete-v-lednicko-valtickem-arealu\/","headline":"V\u00edno, dobr\u00e9 j\u00eddlo a mnohem v\u00edce za\u017eijete v Lednicko-Valtick\u00e9m are\u00e1lu","url":"https:\/\/www.nejedeto.cz\/vino-dobre-jidlo-a-mnohem-vice-zazijete-v-lednicko-valtickem-arealu\/","datePublished":"2019-01-04","dateModified":"2023-05-02","mainEntityOfPage":"https:\/\/www.nejedeto.cz\/vino-dobre-jidlo-a-mnohem-vice-zazijete-v-lednicko-valtickem-arealu\/","author":{"@type":"Person","@id":"https:\/\/www.nejedeto.cz\/author\/#Person","name":"","url":"https:\/\/www.nejedeto.cz\/author\/","identifier":1,"image":{"@type":"ImageObject","@id":"https:\/\/secure.gravatar.com\/avatar\/9bbe1b3bd68cf5b616cc697a459b86e3be4df6c120806baf939f8aad94b0a3d6?s=96&d=mm&r=g","url":"https:\/\/secure.gravatar.com\/avatar\/9bbe1b3bd68cf5b616cc697a459b86e3be4df6c120806baf939f8aad94b0a3d6?s=96&d=mm&r=g","height":96,"width":96}},"publisher":{"@type":"Organization","name":"nejedeto.cz","logo":{"@type":"ImageObject","@id":"\/logo.png","url":"\/logo.png","width":600,"height":60}},"image":{"@type":"ImageObject","@id":"https:\/\/www.nejedeto.cz\/wp-content\/uploads\/img_a336659_w1706_t1550046427.jpg","url":"https:\/\/www.nejedeto.cz\/wp-content\/uploads\/img_a336659_w1706_t1550046427.jpg","height":0,"width":0},"keywords":null}]}