[{"@context":"https:\/\/schema.org\/","@type":"Article","@id":"https:\/\/www.nejedeto.cz\/k-letu-patri-bazeny\/#Article","mainEntityOfPage":"https:\/\/www.nejedeto.cz\/k-letu-patri-bazeny\/","headline":"K l\u00e9tu pat\u0159\u00ed baz\u00e9ny","name":"K l\u00e9tu pat\u0159\u00ed baz\u00e9ny","description":"Nad na\u0161\u00ed vesnic\u00ed je kopec a na n\u011bm m\u00e1me postavenou rozhlednu nen\u00ed moc velik\u00e1 ale p\u0159esto se z n\u00ed d\u00e1 nakukovat do zahrad t\u00e9m\u011b\u0159 v\u0161ech dom\u016f ve vesnici a co si budeme pov\u00eddat lid\u00e9 jsou zv\u011bdav\u00ed a tak \u010dasto rozhlednu vyu\u017e\u00edvaj\u00ed k pozorov\u00e1n\u00ed sv\u00fdch soused\u016f. Koukaj\u00ed do zahrad, zdali tam m\u00e1 soused sklen\u00edk, jestli m\u00e1 [&hellip;]","datePublished":"2025-03-29","dateModified":"2025-03-29","author":{"@type":"Person","@id":"https:\/\/www.nejedeto.cz\/author\/#Person","name":"","url":"https:\/\/www.nejedeto.cz\/author\/","identifier":1,"image":{"@type":"ImageObject","@id":"https:\/\/secure.gravatar.com\/avatar\/9bbe1b3bd68cf5b616cc697a459b86e3be4df6c120806baf939f8aad94b0a3d6?s=96&d=mm&r=g","url":"https:\/\/secure.gravatar.com\/avatar\/9bbe1b3bd68cf5b616cc697a459b86e3be4df6c120806baf939f8aad94b0a3d6?s=96&d=mm&r=g","height":96,"width":96}},"publisher":{"@type":"Organization","name":"nejedeto.cz","logo":{"@type":"ImageObject","@id":"\/logo.png","url":"\/logo.png","width":600,"height":60}},"image":{"@type":"ImageObject","@id":"https:\/\/www.nejedeto.cz\/wp-content\/uploads\/swimming-286215_640_3.jpg","url":"https:\/\/www.nejedeto.cz\/wp-content\/uploads\/swimming-286215_640_3.jpg","height":0,"width":0},"url":"https:\/\/www.nejedeto.cz\/k-letu-patri-bazeny\/","about":["V\u00fdrobky"],"wordCount":443,"articleBody":"       Nad na\u0161\u00ed vesnic\u00ed je kopec a na n\u011bm m\u00e1me postavenou rozhlednu nen\u00ed moc velik\u00e1 ale p\u0159esto se z n\u00ed d\u00e1 nakukovat do zahrad t\u00e9m\u011b\u0159 v\u0161ech dom\u016f ve vesnici a co si budeme pov\u00eddat lid\u00e9 jsou zv\u011bdav\u00ed a tak \u010dasto rozhlednu vyu\u017e\u00edvaj\u00ed k pozorov\u00e1n\u00ed sv\u00fdch soused\u016f. Koukaj\u00ed do zahrad, zdali tam m\u00e1 soused sklen\u00edk, jestli m\u00e1 n\u011bjakou zahr\u00e1dku nebo m\u00e1-li na zahrad\u011b po\u0159\u00e1dek nebo sb\u00edrku haramp\u00e1d\u00ed. J\u00e1 kouk\u00e1m r\u00e1da do zahrad, ale proto\u017ee jsem maminka dvou mal\u00fdch d\u011bt\u00ed, kouk\u00e1m se, co maj\u00ed na zahrad\u00e1ch pro zabaven\u00ed sv\u00fdch d\u011bt\u00ed. N\u011bkdo m\u00e1 p\u00edskovi\u0161t\u011b, n\u011bkdo zahradn\u00ed domek, sem tam se objev\u00ed i skluzavka a co se objevuje nejv\u00edc to je baz\u00e9n.Po\u0159\u00eddit d\u011btem i jen mal\u00fd baz\u00e9n do zem\u011b nebo nafukovac\u00ed baz\u00e9nek, to je p\u0159ece p\u0159es l\u00e9to ide\u00e1ln\u00ed zp\u016fsob, jak d\u011btem umo\u017enit se vydov\u00e1d\u011bt a vy m\u016f\u017eete ze b\u0159ehu v poklidu pop\u00edjet k\u00e1vu a u\u017e\u00edvat si kr\u00e1sn\u00fd slune\u010dn\u00fd den. D\u011bti vodu miluj\u00ed a tak nebude nejmen\u0161\u00ed probl\u00e9m je r\u00e1no vystr\u010dit z domu a ony r\u00e1dy budou na zahrad\u011b a hlavn\u011b v baz\u00e9nu tr\u00e1vit v\u011bt\u0161inu dne. Na dovolen\u00e9 budete p\u0159es pr\u00e1zdniny t\u00fdden nebo mo\u017en\u00e1 \u010dtrn\u00e1ct dn\u00ed, ale co zbytek pr\u00e1zdnin? To u\u017e se nebudete koupat i kdy\u017e venku bude kr\u00e1sn\u00fd slune\u010dn\u00ed den? M\u00e1te-li do rodinn\u00fd domek a zahradu, je baz\u00e9n m\u00edstem, kde str\u00e1v\u00edte spoustu \u010dasu. Nemus\u00edte v baz\u00e9n\u011b plavat, m\u016f\u017eete si po\u0159\u00eddit velk\u00e9 nafukovac\u00ed plovouc\u00ed k\u0159eslo, nechat se houpat na vln\u00e1ch a p\u0159e\u010d\u00edst si tu kn\u00ed\u017eku, kterou u\u017e tak dlouho m\u00e1te v pl\u00e1nu, \u017ee se do n\u00ed pust\u00edte. M\u00e1te r\u00e1di soukrom\u00ed na sv\u00e9 zahrad\u011b a netou\u017e\u00edte po dovolen\u00e9 u mo\u0159e? Ale v\u017edy\u0165 i u va\u0161eho domu si m\u016f\u017eete po\u0159\u00eddit baz\u00e9n, ve kter\u00e9m si zaplavete nebo budete relaxovat. Ka\u017ed\u00fd m\u00e1me jin\u00e9 p\u0159edstavy o dovolen\u00e9 a ne v\u0161ichni pot\u0159ebujeme cestovat. Ud\u011blejte si to po sv\u00e9m. Slunce a voda, d\u011bti a baz\u00e9n, to jsou kombinace, kter\u00e9 pat\u0159\u00ed do ka\u017ed\u00fdch pr\u00e1zdnin. \u017de je\u0161t\u011b nem\u00e1te baz\u00e9n? Je jaro, tak do l\u00e9ta m\u00e1te je\u0161t\u011b \u010dasu dost to napravit. Sta\u010d\u00ed si vybrat jak\u00e1 velikost pro v\u00e1s bude vhodn\u00e1.                                                                                                                                                                                                                                                                                                                                                                                          4.4\/5 - (7 votes)        "},{"@context":"https:\/\/schema.org\/","@type":"BreadcrumbList","itemListElement":[{"@type":"ListItem","position":1,"name":"K l\u00e9tu pat\u0159\u00ed baz\u00e9ny","item":"https:\/\/www.nejedeto.cz\/k-letu-patri-bazeny\/#breadcrumbitem"}]}]