[{"@context":"https:\/\/schema.org\/","@type":"Article","@id":"https:\/\/www.nejedeto.cz\/kdy-do-duchodu\/#Article","mainEntityOfPage":"https:\/\/www.nejedeto.cz\/kdy-do-duchodu\/","headline":"Kdy do d\u016fchodu","name":"Kdy do d\u016fchodu","description":"I kdy\u017e si \u0159\u00edk\u00e1te, \u017ee jste je\u0161t\u011b relativn\u011b mlad\u00ed, tak byste se p\u0159eci jen m\u011bli v\u00edce zaj\u00edmat o budoucnosti v d\u016fchodov\u00e9m v\u011bku. Na ot\u00e1zku, kdy do d\u016fchodu, V\u00e1m jen m\u00e1lo kdo d\u00e1 spolehlivou odpov\u011b\u010f. Na\u0161e mal\u00e1 firma ale ano. Ji\u017e n\u011bkolik let se zab\u00fdv\u00e1me a \u0159e\u0161\u00edme ot\u00e1zku &#8222;odchod do d\u016fchodu tabulka?&#8220; na\u0161im klient\u016fm a pom\u011brn\u011b [&hellip;]","datePublished":"2024-11-11","dateModified":"2024-11-11","author":{"@type":"Person","@id":"https:\/\/www.nejedeto.cz\/author\/#Person","name":"","url":"https:\/\/www.nejedeto.cz\/author\/","identifier":1,"image":{"@type":"ImageObject","@id":"https:\/\/secure.gravatar.com\/avatar\/9bbe1b3bd68cf5b616cc697a459b86e3be4df6c120806baf939f8aad94b0a3d6?s=96&d=mm&r=g","url":"https:\/\/secure.gravatar.com\/avatar\/9bbe1b3bd68cf5b616cc697a459b86e3be4df6c120806baf939f8aad94b0a3d6?s=96&d=mm&r=g","height":96,"width":96}},"publisher":{"@type":"Organization","name":"nejedeto.cz","logo":{"@type":"ImageObject","@id":"\/logo.png","url":"\/logo.png","width":600,"height":60}},"url":"https:\/\/www.nejedeto.cz\/kdy-do-duchodu\/","wordCount":183,"articleBody":"I kdy\u017e si \u0159\u00edk\u00e1te, \u017ee jste je\u0161t\u011b relativn\u011b mlad\u00ed, tak byste se p\u0159eci jen m\u011bli v\u00edce zaj\u00edmat o budoucnosti v d\u016fchodov\u00e9m v\u011bku. Na ot\u00e1zku, kdy do d\u016fchodu, V\u00e1m jen m\u00e1lo kdo d\u00e1 spolehlivou odpov\u011b\u010f.Na\u0161e mal\u00e1 firma ale ano. Ji\u017e n\u011bkolik let se zab\u00fdv\u00e1me a \u0159e\u0161\u00edme ot\u00e1zku &#8222;odchod do d\u016fchodu tabulka?&#8220; na\u0161im klient\u016fm a pom\u011brn\u011b se n\u00e1m da\u0159ilo. V\u00fdpo\u010dty d\u011bl\u00e1me na z\u00e1klad\u011b slo\u017eit\u00fdch propo\u010dt\u016f. D\u00edky tomu V\u00e1m navrhneme, abyste ode\u0161li do penze p\u0159esn\u011b v dobu, kdy dostanete nejv\u011bt\u0161\u00ed mno\u017estv\u00ed pen\u011bz. N\u011bkdy toti\u017e i pouze den m\u016f\u017ee d\u011blat n\u011bkolik stovek korun. Nenechte to tedy n\u00e1hod\u011b a vyberte si n\u00e1s.\tKvalitn\u011b odveden\u00e1 pr\u00e1ceU n\u00e1s m\u00e1te jistotu, \u017ee na\u0161\u00ed pr\u00e1ci odvedeme kvalitn\u011b. Ka\u017ed\u00e9mu z\u00e1kazn\u00edku investujeme hodiny \u010dasu, abyste si mohli b\u00fdt kone\u010dn\u011b jist\u00ed, kdy do d\u016fchodu.                                                                                                                                                                                                                                                                                                                                                                                        5\/5 - (3 votes)        "},{"@context":"https:\/\/schema.org\/","@type":"BreadcrumbList","itemListElement":[{"@type":"ListItem","position":1,"name":"Kdy do d\u016fchodu","item":"https:\/\/www.nejedeto.cz\/kdy-do-duchodu\/#breadcrumbitem"}]}]