[{"@context":"https:\/\/schema.org\/","@type":"Article","@id":"https:\/\/www.nejedeto.cz\/rozmer-musi-sedet\/#Article","mainEntityOfPage":"https:\/\/www.nejedeto.cz\/rozmer-musi-sedet\/","headline":"Rozm\u011br mus\u00ed sed\u011bt!","name":"Rozm\u011br mus\u00ed sed\u011bt!","description":"Ka\u017ed\u00e1 \u017eena by m\u011bla u od\u00edv\u00e1n\u00ed ct\u00edt ur\u010dit\u00e1 pravidla, p\u0159es kter\u00e1 zkr\u00e1tka \u201enejede vlak\u201c. \u017de je nutn\u00e9 zvolit vhodnou adekv\u00e1tn\u00ed velikost snad net\u0159eba zd\u016fraz\u0148ovat, proto\u017ee pokud se napasujeme do halenky \u010di sukn\u011b o dv\u011b \u010d\u00edsla men\u0161\u00ed, asi to nebude vizu\u00e1ln\u011b na jedni\u010dku a naopak, ani si nechceme v saku, kter\u00e9 m\u00e1 podtrhnout figuru hr\u00e1t na [&hellip;]","datePublished":"2024-12-06","dateModified":"2024-12-06","author":{"@type":"Person","@id":"https:\/\/www.nejedeto.cz\/author\/#Person","name":"","url":"https:\/\/www.nejedeto.cz\/author\/","identifier":1,"image":{"@type":"ImageObject","@id":"https:\/\/secure.gravatar.com\/avatar\/9bbe1b3bd68cf5b616cc697a459b86e3be4df6c120806baf939f8aad94b0a3d6?s=96&d=mm&r=g","url":"https:\/\/secure.gravatar.com\/avatar\/9bbe1b3bd68cf5b616cc697a459b86e3be4df6c120806baf939f8aad94b0a3d6?s=96&d=mm&r=g","height":96,"width":96}},"publisher":{"@type":"Organization","name":"nejedeto.cz","logo":{"@type":"ImageObject","@id":"\/logo.png","url":"\/logo.png","width":600,"height":60}},"url":"https:\/\/www.nejedeto.cz\/rozmer-musi-sedet\/","wordCount":165,"articleBody":"Ka\u017ed\u00e1 \u017eena by m\u011bla u od\u00edv\u00e1n\u00ed ct\u00edt ur\u010dit\u00e1 pravidla, p\u0159es kter\u00e1 zkr\u00e1tka \u201enejede vlak\u201c. \u017de je nutn\u00e9 zvolit vhodnou adekv\u00e1tn\u00ed velikost snad net\u0159eba zd\u016fraz\u0148ovat, proto\u017ee pokud se napasujeme do halenky \u010di sukn\u011b o dv\u011b \u010d\u00edsla men\u0161\u00ed, asi to nebude vizu\u00e1ln\u011b na jedni\u010dku a naopak, ani si nechceme v saku, kter\u00e9 m\u00e1 podtrhnout figuru hr\u00e1t na schov\u00e1vanou. Velikost je tedy jasn\u00e1. Co je ale prvotn\u00ed?  Vezm\u011bte to popo\u0159ad\u011b Ano, spr\u00e1vn\u011b, \u0159e\u010d je te\u010f o spodn\u00edm pr\u00e1dle. Je to toti\u017e nesm\u00edrn\u011b d\u016fle\u017eit\u00fd, ale \u010dasto tak\u00e9 velmi opom\u00edjen\u00fd prvek d\u00e1msk\u00e9ho oble\u010den\u00ed. Nic nem\u016f\u017ee vypadat dob\u0159e, ani sebekr\u00e1sn\u011bj\u0161\u00ed \u0161aty nebo tri\u010dko, pokud n\u00e1m nesed\u00ed skv\u011ble podprsenka. Pokud dob\u0159e zvol\u00edte pr\u00e1v\u011b tento samotn\u00fd z\u00e1klad, uvid\u00edte, jak\u00fd rozd\u00edl to zp\u016fsob\u00ed v kone\u010dn\u00e9m v\u00fdsledku.                                                                                                                                                                                                                                                                                                                                                                                        3.7\/5 - (3 votes)        "},{"@context":"https:\/\/schema.org\/","@type":"BreadcrumbList","itemListElement":[{"@type":"ListItem","position":1,"name":"Rozm\u011br mus\u00ed sed\u011bt!","item":"https:\/\/www.nejedeto.cz\/rozmer-musi-sedet\/#breadcrumbitem"}]}]